{"id":1284,"date":"2021-09-15T15:15:32","date_gmt":"2021-09-15T18:15:32","guid":{"rendered":"https:\/\/www.asegurarmiauto.com.ar\/seguro-auto\/?p=1284"},"modified":"2021-09-10T15:46:49","modified_gmt":"2021-09-10T18:46:49","slug":"cotizar-seguro-auto-allianz","status":"publish","type":"post","link":"https:\/\/www.asegurarmiauto.com.ar\/seguro-auto\/cotizar-seguro-auto-allianz\/","title":{"rendered":"Cotizar seguro auto Allianz"},"content":{"rendered":"\n<h3 class=\"wp-block-heading\">Seguro de auto Terceros B\u00e1sico Allianz<\/h3>\n\n\n\n<ul><li>Responsabilidad civil.<\/li><li>P\u00e9rdida total y parcial del veh\u00edculo por incendio, robo o hurto.<\/li><li>P\u00e9rdida total del veh\u00edculo por accidente.<\/li><li>Vidrios laterales, parabrisas, lunetas y cerraduras con l\u00edmites.<\/li><li>Adicional de granizo.<\/li><\/ul>\n\n\n\n<h4 class=\"wp-block-heading\"><a href=\"https:\/\/www.asegurarmiauto.com.ar\/\">Cotizar seguro de auto<\/a><\/h4>\n\n\n\n<h3 class=\"wp-block-heading\">Seguro de autos Terceros Premium de Allianz<\/h3>\n\n\n\n<ul><li>Responsabilidad Civil.<\/li><li>P\u00e9rdida total y parcial del veh\u00edculo por incendio, robo o hurto.<\/li><li>P\u00e9rdida total del veh\u00edculo por accidente.<\/li><li>Vidrios  laterales, parabrisas, lunetas y cerraduras sin l\u00edmites hasta la suma asegurada.<\/li><li>Techo solar. <\/li><li>Adicional de granizo.<\/li><\/ul>\n\n\n\n<h4 class=\"wp-block-heading\" id=\"mce_24\"><a href=\"https:\/\/www.asegurarmiauto.com.ar\/\">Cotizar seguro de auto\ufeff<\/a><\/h4>\n\n\n\n<h3 class=\"wp-block-heading\">Seguro de auto Todo Riesgo Allianz<\/h3>\n\n\n\n<ul><li>Responsabilidad Civil.<\/li><li>P\u00e9rdida total y parcial del veh\u00edculo por incendio, robo o hurto.<\/li><li>P\u00e9rdida total y parcial del veh\u00edculo por accidente con franquicia sobre el valor del 0km.<\/li><li>Vidrios  laterales, parabrisas, lunetas y cerraduras sin l\u00edmites.<\/li><li>Techo solar. <\/li><li>Adicional de granizo. <\/li><\/ul>\n\n\n\n<h4 class=\"wp-block-heading\" id=\"mce_24\"><a href=\"https:\/\/www.asegurarmiauto.com.ar\/\">Cotizar seguro de auto\ufeff<\/a><\/h4>\n\n\n\n<h3 class=\"wp-block-heading\">Seguro de auto Todo Riesgo VIP Allianz<\/h3>\n\n\n\n<ul><li>Responsabilidad Civil.<\/li><li>P\u00e9rdida total y parcial del veh\u00edculo por incendio, robo o hurto.<\/li><li>P\u00e9rdida total y parcial del veh\u00edculo por accidente con franquicia fija por evento.<\/li><li>Vidrios  laterales, parabrisas, lunetas y cerraduras sin l\u00edmites.<\/li><li>Techo solar. <\/li><li>Adicional de Granizo. <\/li><\/ul>\n\n\n\n<h4 class=\"wp-block-heading\" id=\"mce_24\"><a href=\"https:\/\/www.asegurarmiauto.com.ar\/\">Cotizar seguro de auto\ufeff<\/a><\/h4>\n","protected":false},"excerpt":{"rendered":"<p>Seguro de auto Terceros B\u00e1sico Allianz Responsabilidad civil. P\u00e9rdida total y parcial del veh\u00edculo por incendio, robo o hurto. P\u00e9rdida total del veh\u00edculo por accidente. Vidrios laterales, parabrisas, lunetas y cerraduras con l\u00edmites. Adicional de granizo. Cotizar seguro de auto Seguro de autos Terceros Premium de Allianz Responsabilidad Civil. P\u00e9rdida total y parcial del veh\u00edculo [&hellip;]<\/p>\n","protected":false},"author":1,"featured_media":0,"comment_status":"open","ping_status":"closed","sticky":false,"template":"","format":"standard","meta":[],"categories":[256,257],"tags":[75,36,122],"_edit_lock":"1631325937:1","_edit_last":"1","_aioseop_keywords":"","_aioseop_description":"","_aioseop_title":"","_aioseop_custom_link":"","_aioseop_sitemap_exclude":"","_aioseop_disable":"","_aioseop_disable_analytics":"","_aioseop_noindex":"","_aioseop_nofollow":"","_wp_attached_file":null,"_wp_attachment_metadata":null,"_wp_old_slug":null,"_aioseo_keywords":"","_aioseo_description":"","_aioseo_title":null,"_aioseo_og_title":null,"_aioseo_og_description":null,"_aioseo_og_article_section":null,"_aioseo_og_article_tags":null,"_aioseo_twitter_title":null,"_aioseo_twitter_description":null,"_wp_page_template":null,"_thumbnail_id":null,"_product_image_gallery":null,"_links":{"self":[{"href":"https:\/\/www.asegurarmiauto.com.ar\/seguro-auto\/wp-json\/wp\/v2\/posts\/1284"}],"collection":[{"href":"https:\/\/www.asegurarmiauto.com.ar\/seguro-auto\/wp-json\/wp\/v2\/posts"}],"about":[{"href":"https:\/\/www.asegurarmiauto.com.ar\/seguro-auto\/wp-json\/wp\/v2\/types\/post"}],"author":[{"embeddable":true,"href":"https:\/\/www.asegurarmiauto.com.ar\/seguro-auto\/wp-json\/wp\/v2\/users\/1"}],"replies":[{"embeddable":true,"href":"https:\/\/www.asegurarmiauto.com.ar\/seguro-auto\/wp-json\/wp\/v2\/comments?post=1284"}],"version-history":[{"count":0,"href":"https:\/\/www.asegurarmiauto.com.ar\/seguro-auto\/wp-json\/wp\/v2\/posts\/1284\/revisions"}],"wp:attachment":[{"href":"https:\/\/www.asegurarmiauto.com.ar\/seguro-auto\/wp-json\/wp\/v2\/media?parent=1284"}],"wp:term":[{"taxonomy":"category","embeddable":true,"href":"https:\/\/www.asegurarmiauto.com.ar\/seguro-auto\/wp-json\/wp\/v2\/categories?post=1284"},{"taxonomy":"post_tag","embeddable":true,"href":"https:\/\/www.asegurarmiauto.com.ar\/seguro-auto\/wp-json\/wp\/v2\/tags?post=1284"}],"curies":[{"name":"wp","href":"https:\/\/api.w.org\/{rel}","templated":true}]}}